{"id":5141,"date":"2021-01-05T09:48:39","date_gmt":"2021-01-05T09:48:39","guid":{"rendered":"http:\/\/www.promenszlin.com\/budouci-partaci-jsme-spolu-na-jedne-vlne\/"},"modified":"2021-03-01T13:20:37","modified_gmt":"2021-03-01T13:20:37","slug":"future-partners-are-we-on-the-same-wavelength","status":"publish","type":"post","link":"https:\/\/www.promenszlin.com\/en\/future-partners-are-we-on-the-same-wavelength\/","title":{"rendered":"Future partners, are we on the same wavelength?"},"content":{"rendered":"\n<p>Or, why is an open mind important to us? Want to work on yourself? <strong>Having professional abilities and skills are only a few of the requirements<\/strong> we place on our colleagues.<\/p>\n\n\n\n<!--more-->\n\n\n\n<p><strong>Of equal importance is the approach of current and future partners to the various situations<\/strong> that life throws at us.<\/p>\n\n\n\n<figure class=\"wp-block-image size-large is-style-default\"><img fetchpriority=\"high\" decoding=\"async\" width=\"1024\" height=\"682\" src=\"https:\/\/www.promenszlin.com\/wp-content\/uploads\/2020\/07\/rim_promens-zlin_37-1024x682.jpg\" alt=\"\" class=\"wp-image-3514\" srcset=\"https:\/\/www.promenszlin.com\/wp-content\/uploads\/2020\/07\/rim_promens-zlin_37-1024x682.jpg 1024w, https:\/\/www.promenszlin.com\/wp-content\/uploads\/2020\/07\/rim_promens-zlin_37-300x200.jpg 300w, https:\/\/www.promenszlin.com\/wp-content\/uploads\/2020\/07\/rim_promens-zlin_37-768x512.jpg 768w, https:\/\/www.promenszlin.com\/wp-content\/uploads\/2020\/07\/rim_promens-zlin_37-1536x1024.jpg 1536w, https:\/\/www.promenszlin.com\/wp-content\/uploads\/2020\/07\/rim_promens-zlin_37-75x50.jpg 75w, https:\/\/www.promenszlin.com\/wp-content\/uploads\/2020\/07\/rim_promens-zlin_37-650x433.jpg 650w, https:\/\/www.promenszlin.com\/wp-content\/uploads\/2020\/07\/rim_promens-zlin_37-1000x667.jpg 1000w, https:\/\/www.promenszlin.com\/wp-content\/uploads\/2020\/07\/rim_promens-zlin_37-50x33.jpg 50w, https:\/\/www.promenszlin.com\/wp-content\/uploads\/2020\/07\/rim_promens-zlin_37.jpg 2000w\" sizes=\"(max-width: 1024px) 100vw, 1024px\" \/><\/figure>\n\n\n\n<div style=\"height:30px\" aria-hidden=\"true\" class=\"wp-block-spacer\"><\/div>\n\n\n\n<h2 class=\"wp-block-heading\">Why is the development of colleagues so important to us?<\/h2>\n\n\n\n<div style=\"height:30px\" aria-hidden=\"true\" class=\"wp-block-spacer\"><\/div>\n\n\n\n<blockquote class=\"wp-block-quote has-text-align-center is-layout-flow wp-block-quote-is-layout-flow\"><p>&#8220;If you want to build a big business, build yourself first.&#8221;<\/p><cite>Tom\u00e1\u0161 Ba\u0165a<\/cite><\/blockquote>\n\n\n\n<div style=\"height:30px\" aria-hidden=\"true\" class=\"wp-block-spacer\"><\/div>\n\n\n\n<p>That is exactly how it is. Ba\u0165a also said: \u201c<strong>You can do whatever you want<\/strong>.\u201d That is why our inner motivation is crucial. It is for exactly this reason that we support a corporate environment that inspires your self-development. <strong>That is why we create an environment<\/strong> <strong>where the best ideas win<\/strong>.<\/p>\n\n\n\n<div style=\"height:30px\" aria-hidden=\"true\" class=\"wp-block-spacer\"><\/div>\n\n\n\n<figure class=\"wp-block-gallery columns-2 is-cropped wp-block-gallery-1 is-layout-flex wp-block-gallery-is-layout-flex\"><ul class=\"blocks-gallery-grid\"><li class=\"blocks-gallery-item\"><figure><img decoding=\"async\" width=\"450\" height=\"450\" src=\"https:\/\/www.promenszlin.com\/wp-content\/uploads\/2021\/03\/firemni-kultura_mindset-fixed_promens-zlin_04.jpg\" alt=\"\" data-id=\"5921\" data-full-url=\"https:\/\/www.promenszlin.com\/wp-content\/uploads\/2021\/03\/firemni-kultura_mindset-fixed_promens-zlin_04.jpg\" data-link=\"https:\/\/www.promenszlin.com\/en\/future-partners-are-we-on-the-same-wavelength\/firemni-kultura_mindset-fixed_promens-zlin_04\/\" class=\"wp-image-5921\" srcset=\"https:\/\/www.promenszlin.com\/wp-content\/uploads\/2021\/03\/firemni-kultura_mindset-fixed_promens-zlin_04.jpg 450w, https:\/\/www.promenszlin.com\/wp-content\/uploads\/2021\/03\/firemni-kultura_mindset-fixed_promens-zlin_04-300x300.jpg 300w, https:\/\/www.promenszlin.com\/wp-content\/uploads\/2021\/03\/firemni-kultura_mindset-fixed_promens-zlin_04-150x150.jpg 150w, https:\/\/www.promenszlin.com\/wp-content\/uploads\/2021\/03\/firemni-kultura_mindset-fixed_promens-zlin_04-50x50.jpg 50w\" sizes=\"(max-width: 450px) 100vw, 450px\" \/><figcaption class=\"blocks-gallery-item__caption\">Fixed mindset<\/figcaption><\/figure><\/li><li class=\"blocks-gallery-item\"><figure><img decoding=\"async\" width=\"450\" height=\"450\" src=\"https:\/\/www.promenszlin.com\/wp-content\/uploads\/2021\/03\/firemni-kultura_mindset-growth_promens-zlin_04.jpg\" alt=\"\" data-id=\"5924\" data-full-url=\"https:\/\/www.promenszlin.com\/wp-content\/uploads\/2021\/03\/firemni-kultura_mindset-growth_promens-zlin_04.jpg\" data-link=\"https:\/\/www.promenszlin.com\/en\/future-partners-are-we-on-the-same-wavelength\/firemni-kultura_mindset-growth_promens-zlin_04\/\" class=\"wp-image-5924\" srcset=\"https:\/\/www.promenszlin.com\/wp-content\/uploads\/2021\/03\/firemni-kultura_mindset-growth_promens-zlin_04.jpg 450w, https:\/\/www.promenszlin.com\/wp-content\/uploads\/2021\/03\/firemni-kultura_mindset-growth_promens-zlin_04-300x300.jpg 300w, https:\/\/www.promenszlin.com\/wp-content\/uploads\/2021\/03\/firemni-kultura_mindset-growth_promens-zlin_04-150x150.jpg 150w, https:\/\/www.promenszlin.com\/wp-content\/uploads\/2021\/03\/firemni-kultura_mindset-growth_promens-zlin_04-50x50.jpg 50w\" sizes=\"(max-width: 450px) 100vw, 450px\" \/><figcaption class=\"blocks-gallery-item__caption\">Growth mindset<\/figcaption><\/figure><\/li><\/ul><\/figure>\n\n\n\n<div style=\"height:50px\" aria-hidden=\"true\" class=\"wp-block-spacer\"><\/div>\n\n\n\n<h2 class=\"wp-block-heading\">What\u2019s important for our colleagues in Promens Zl\u00edn?<\/h2>\n\n\n\n<div class=\"wp-block-media-text alignwide has-background has-very-light-gray-background-color is-stacked-on-mobile is-vertically-aligned-center\" style=\"grid-template-columns:23% auto\"><figure class=\"wp-block-media-text__media\"><img loading=\"lazy\" decoding=\"async\" width=\"130\" height=\"130\" src=\"https:\/\/www.promenszlin.com\/wp-content\/uploads\/2020\/12\/firemni-kultura_jak-se-u-nas-pracuje_tahaky-01.png\" alt=\"\" class=\"wp-image-4346\" srcset=\"https:\/\/www.promenszlin.com\/wp-content\/uploads\/2020\/12\/firemni-kultura_jak-se-u-nas-pracuje_tahaky-01.png 130w, https:\/\/www.promenszlin.com\/wp-content\/uploads\/2020\/12\/firemni-kultura_jak-se-u-nas-pracuje_tahaky-01-50x50.png 50w\" sizes=\"(max-width: 130px) 100vw, 130px\" \/><\/figure><div class=\"wp-block-media-text__content\">\n<h4 class=\"wp-block-heading\">An opportunity to learn new things<\/h4>\n\n\n\n<p>Do you want to increase your expertise in a certain technology? Or, expand your knowledge? <strong>We will give you the space to do just that.<\/strong><\/p>\n<\/div><\/div>\n\n\n\n<div class=\"wp-block-media-text alignwide has-background has-very-light-gray-background-color is-stacked-on-mobile is-vertically-aligned-center\" style=\"grid-template-columns:23% auto\"><figure class=\"wp-block-media-text__media\"><img loading=\"lazy\" decoding=\"async\" width=\"130\" height=\"131\" src=\"https:\/\/www.promenszlin.com\/wp-content\/uploads\/2020\/12\/firemni-kultura_jak-se-u-nas-pracuje_tahaky-02.png\" alt=\"\" class=\"wp-image-4347\" srcset=\"https:\/\/www.promenszlin.com\/wp-content\/uploads\/2020\/12\/firemni-kultura_jak-se-u-nas-pracuje_tahaky-02.png 130w, https:\/\/www.promenszlin.com\/wp-content\/uploads\/2020\/12\/firemni-kultura_jak-se-u-nas-pracuje_tahaky-02-50x50.png 50w\" sizes=\"(max-width: 130px) 100vw, 130px\" \/><\/figure><div class=\"wp-block-media-text__content\">\n<h4 class=\"wp-block-heading\">Security and stability<\/h4>\n\n\n\n<p>We\u2019ve been on the market since 1991. We develop for and supply top customers such as <strong>\u0160koda, Volvo, MAN, Iveco, CNHi and others<\/strong>.<\/p>\n<\/div><\/div>\n\n\n\n<div class=\"wp-block-media-text alignwide has-background has-very-light-gray-background-color is-stacked-on-mobile is-vertically-aligned-center\" style=\"grid-template-columns:23% auto\"><figure class=\"wp-block-media-text__media\"><img loading=\"lazy\" decoding=\"async\" width=\"130\" height=\"131\" src=\"https:\/\/www.promenszlin.com\/wp-content\/uploads\/2020\/12\/firemni-kultura_jak-se-u-nas-pracuje_tahaky-03.png\" alt=\"\" class=\"wp-image-4348\" srcset=\"https:\/\/www.promenszlin.com\/wp-content\/uploads\/2020\/12\/firemni-kultura_jak-se-u-nas-pracuje_tahaky-03.png 130w, https:\/\/www.promenszlin.com\/wp-content\/uploads\/2020\/12\/firemni-kultura_jak-se-u-nas-pracuje_tahaky-03-50x50.png 50w\" sizes=\"(max-width: 130px) 100vw, 130px\" \/><\/figure><div class=\"wp-block-media-text__content\">\n<h4 class=\"wp-block-heading\">A pleasant working environment<\/h4>\n\n\n\n<p>We continuously invest in the improvement of workplaces \u2013 <strong>we renew machines and pay attention to order<\/strong>.<\/p>\n<\/div><\/div>\n\n\n\n<div class=\"wp-block-media-text alignwide has-background has-very-light-gray-background-color is-stacked-on-mobile is-vertically-aligned-center\" style=\"grid-template-columns:23% auto\"><figure class=\"wp-block-media-text__media\"><img loading=\"lazy\" decoding=\"async\" width=\"130\" height=\"131\" src=\"https:\/\/www.promenszlin.com\/wp-content\/uploads\/2020\/12\/firemni-kultura_jak-se-u-nas-pracuje_tahaky-04.png\" alt=\"\" class=\"wp-image-4349\" srcset=\"https:\/\/www.promenszlin.com\/wp-content\/uploads\/2020\/12\/firemni-kultura_jak-se-u-nas-pracuje_tahaky-04.png 130w, https:\/\/www.promenszlin.com\/wp-content\/uploads\/2020\/12\/firemni-kultura_jak-se-u-nas-pracuje_tahaky-04-50x50.png 50w\" sizes=\"(max-width: 130px) 100vw, 130px\" \/><\/figure><div class=\"wp-block-media-text__content\">\n<h4 class=\"wp-block-heading\">First-class work<\/h4>\n\n\n\n<p><strong>Working for first-class customers requires a perfect approach.&nbsp;<\/strong>We welcome a willingness to learn and work on yourself, and the courage to push and improve things.<\/p>\n<\/div><\/div>\n\n\n\n<div class=\"wp-block-media-text alignwide has-background has-very-light-gray-background-color is-stacked-on-mobile is-vertically-aligned-center\" style=\"grid-template-columns:23% auto\"><figure class=\"wp-block-media-text__media\"><img loading=\"lazy\" decoding=\"async\" width=\"130\" height=\"131\" src=\"https:\/\/www.promenszlin.com\/wp-content\/uploads\/2020\/12\/firemni-kultura_jak-se-u-nas-pracuje_tahaky-05.png\" alt=\"\" class=\"wp-image-4350\" srcset=\"https:\/\/www.promenszlin.com\/wp-content\/uploads\/2020\/12\/firemni-kultura_jak-se-u-nas-pracuje_tahaky-05.png 130w, https:\/\/www.promenszlin.com\/wp-content\/uploads\/2020\/12\/firemni-kultura_jak-se-u-nas-pracuje_tahaky-05-50x50.png 50w\" sizes=\"(max-width: 130px) 100vw, 130px\" \/><\/figure><div class=\"wp-block-media-text__content\">\n<h4 class=\"wp-block-heading\">Work that makes sense<\/h4>\n\n\n\n<p>The results of our work can be seen every day almost all over the world. <strong>Our innovations and production reduce our ecological footprint and helps hundreds of thousands of people every day.<\/strong><\/p>\n<\/div><\/div>\n\n\n\n<div style=\"height:30px\" aria-hidden=\"true\" class=\"wp-block-spacer\"><\/div>\n\n\n\n<figure class=\"wp-block-image size-large is-style-default\"><img loading=\"lazy\" decoding=\"async\" width=\"1024\" height=\"682\" src=\"https:\/\/www.promenszlin.com\/wp-content\/uploads\/2020\/07\/montaze-expedice_promens-zlin_14-1024x682.jpg\" alt=\"\" class=\"wp-image-3506\" srcset=\"https:\/\/www.promenszlin.com\/wp-content\/uploads\/2020\/07\/montaze-expedice_promens-zlin_14-1024x682.jpg 1024w, https:\/\/www.promenszlin.com\/wp-content\/uploads\/2020\/07\/montaze-expedice_promens-zlin_14-300x200.jpg 300w, https:\/\/www.promenszlin.com\/wp-content\/uploads\/2020\/07\/montaze-expedice_promens-zlin_14-768x512.jpg 768w, https:\/\/www.promenszlin.com\/wp-content\/uploads\/2020\/07\/montaze-expedice_promens-zlin_14-1536x1024.jpg 1536w, https:\/\/www.promenszlin.com\/wp-content\/uploads\/2020\/07\/montaze-expedice_promens-zlin_14-75x50.jpg 75w, https:\/\/www.promenszlin.com\/wp-content\/uploads\/2020\/07\/montaze-expedice_promens-zlin_14-650x433.jpg 650w, https:\/\/www.promenszlin.com\/wp-content\/uploads\/2020\/07\/montaze-expedice_promens-zlin_14-1000x667.jpg 1000w, https:\/\/www.promenszlin.com\/wp-content\/uploads\/2020\/07\/montaze-expedice_promens-zlin_14-50x33.jpg 50w, https:\/\/www.promenszlin.com\/wp-content\/uploads\/2020\/07\/montaze-expedice_promens-zlin_14.jpg 2000w\" sizes=\"(max-width: 1024px) 100vw, 1024px\" \/><\/figure>\n\n\n\n<div style=\"height:60px\" aria-hidden=\"true\" class=\"wp-block-spacer\"><\/div>\n\n\n\n<figure class=\"wp-block-pullquote\" style=\"border-color:#0693e3\"><blockquote><p>Our employees set plastics in motion and turn our partners\u2019 visions into reality.<\/p><cite>Promens Zl\u00edn\u2019s mission<\/cite><\/blockquote><\/figure>\n\n\n\n<div style=\"height:30px\" aria-hidden=\"true\" class=\"wp-block-spacer\"><\/div>\n\n\n\n<h2 class=\"wp-block-heading\">What are we building on?<\/h2>\n\n\n\n<p>We direct our energies primarily towards developing our character. It\u2019s the character of each and every one of us and the company that forms the basis of the long-term effectiveness of Promens Zl\u00edn. <\/p>\n\n\n\n<p><strong>Character is like the roots of trees \u2013 &#8220;When we support their growth, we start harvesting over time.\u201d<\/strong><\/p>\n\n\n\n<div class=\"wp-block-image\"><figure class=\"alignleft size-large\"><img loading=\"lazy\" decoding=\"async\" width=\"130\" height=\"130\" src=\"https:\/\/www.promenszlin.com\/wp-content\/uploads\/2020\/12\/firemni-kultura_jak-se-u-nas-pracuje_7-navyku-01.png\" alt=\"\" class=\"wp-image-4355\" srcset=\"https:\/\/www.promenszlin.com\/wp-content\/uploads\/2020\/12\/firemni-kultura_jak-se-u-nas-pracuje_7-navyku-01.png 130w, https:\/\/www.promenszlin.com\/wp-content\/uploads\/2020\/12\/firemni-kultura_jak-se-u-nas-pracuje_7-navyku-01-50x50.png 50w\" sizes=\"(max-width: 130px) 100vw, 130px\" \/><\/figure><\/div>\n\n\n\n<h4 class=\"wp-block-heading\">The 7 habits of truly effective people<\/h4>\n\n\n\n<p>The 7 habits aid creative cooperation. This is how we find mutual solutions that are better than any designed by any one of us individually.<\/p>\n\n\n\n<div style=\"height:20px\" aria-hidden=\"true\" class=\"wp-block-spacer\"><\/div>\n\n\n\n<div class=\"wp-block-image\"><figure class=\"alignleft size-large\"><img loading=\"lazy\" decoding=\"async\" width=\"130\" height=\"130\" src=\"https:\/\/www.promenszlin.com\/wp-content\/uploads\/2020\/12\/firemni-kultura_jak-se-u-nas-pracuje_growth-mindset-02.png\" alt=\"\" class=\"wp-image-4357\" srcset=\"https:\/\/www.promenszlin.com\/wp-content\/uploads\/2020\/12\/firemni-kultura_jak-se-u-nas-pracuje_growth-mindset-02.png 130w, https:\/\/www.promenszlin.com\/wp-content\/uploads\/2020\/12\/firemni-kultura_jak-se-u-nas-pracuje_growth-mindset-02-50x50.png 50w\" sizes=\"(max-width: 130px) 100vw, 130px\" \/><\/figure><\/div>\n\n\n\n<h4 class=\"wp-block-heading\">Growth Mindset<\/h4>\n\n\n\n<p>As <strong>Jan Anton\u00edn Ba\u0165a<\/strong> said: \u201cFor twenty long years, I only did work that I hadn\u2019t done before. The fact that I learned from that work, and always learned quickly, was the success of my work.\u201d<\/p>\n\n\n\n<div style=\"height:20px\" aria-hidden=\"true\" class=\"wp-block-spacer\"><\/div>\n\n\n\n<div class=\"wp-block-image\"><figure class=\"alignleft size-large\"><img loading=\"lazy\" decoding=\"async\" width=\"130\" height=\"130\" src=\"https:\/\/www.promenszlin.com\/wp-content\/uploads\/2020\/12\/firemni-kultura_jak-se-u-nas-pracuje_neuroveda_promens-zlin-01.png\" alt=\"\" class=\"wp-image-4407\" srcset=\"https:\/\/www.promenszlin.com\/wp-content\/uploads\/2020\/12\/firemni-kultura_jak-se-u-nas-pracuje_neuroveda_promens-zlin-01.png 130w, https:\/\/www.promenszlin.com\/wp-content\/uploads\/2020\/12\/firemni-kultura_jak-se-u-nas-pracuje_neuroveda_promens-zlin-01-50x50.png 50w\" sizes=\"(max-width: 130px) 100vw, 130px\" \/><\/figure><\/div>\n\n\n\n<h4 class=\"wp-block-heading\">We use knowledge of neuroscience in practice<\/h4>\n\n\n\n<p>At Promens Zl\u00edn, we create a trustworthy and fair environment for employees, one with clear intentions, that is predictable and embraces a high degree of autonomy. We value differences.<\/p>\n\n\n\n<div style=\"height:20px\" aria-hidden=\"true\" class=\"wp-block-spacer\"><\/div>\n\n\n\n<div class=\"wp-block-image\"><figure class=\"alignleft size-large\"><img loading=\"lazy\" decoding=\"async\" width=\"130\" height=\"130\" src=\"https:\/\/www.promenszlin.com\/wp-content\/uploads\/2020\/12\/firemni-kultura_jak-se-u-nas-pracuje_sebeucici-se-organizace-01.png\" alt=\"\" class=\"wp-image-4354\" srcset=\"https:\/\/www.promenszlin.com\/wp-content\/uploads\/2020\/12\/firemni-kultura_jak-se-u-nas-pracuje_sebeucici-se-organizace-01.png 130w, https:\/\/www.promenszlin.com\/wp-content\/uploads\/2020\/12\/firemni-kultura_jak-se-u-nas-pracuje_sebeucici-se-organizace-01-50x50.png 50w\" sizes=\"(max-width: 130px) 100vw, 130px\" \/><\/figure><\/div>\n\n\n\n<h4 class=\"wp-block-heading\">The concept of continuous improvement of a learning enterprise<\/h4>\n\n\n\n<p>We connect classic corporate indicators (sales, profit, supplies) with indicators of corporate culture, including the individual development of each employee. We create a transparent environment in which every employee knows how we are doing and in which everyone can meaningfully participate.<\/p>\n\n\n\n<div style=\"height:30px\" aria-hidden=\"true\" class=\"wp-block-spacer\"><\/div>\n\n\n\n<p>This was a brief insight into the development of our company. <\/p>\n\n\n\n<div style=\"height:50px\" aria-hidden=\"true\" class=\"wp-block-spacer\"><\/div>\n\n\n\n<div class=\"wp-block-buttons is-layout-flex wp-block-buttons-is-layout-flex\">\n<div class=\"wp-block-button is-style-fill\"><a class=\"wp-block-button__link has-text-color has-background has-vivid-cyan-blue-background-color\" href=\"https:\/\/www.promenszlin.com\/jak-se-u-nas-pracuje\/\" style=\"color:#ffffff;border-radius:50px\" rel=\"https:\/\/www.promenszlin.com\/en\/how-do-we-work-at-promens\/\">I want to know more about your approach to employees<\/a><\/div>\n<\/div>\n\n\n\n<div style=\"height:50px\" aria-hidden=\"true\" class=\"wp-block-spacer\"><\/div>\n","protected":false},"excerpt":{"rendered":"<p>Or, why is an open mind important to us? Want to work on yourself? Having professional abilities and skills are only a few of the requirements we place on our<\/p>\n<p><a href=\"https:\/\/www.promenszlin.com\/en\/future-partners-are-we-on-the-same-wavelength\/\" class=\"more-link style2-button\">Read More<\/a><\/p>","protected":false},"author":7,"featured_media":5142,"comment_status":"closed","ping_status":"open","sticky":false,"template":"","format":"standard","meta":{"footnotes":""},"categories":[],"tags":[65,66],"class_list":["post-5141","post","type-post","status-publish","format-standard","has-post-thumbnail","hentry","tag-kariera-en","tag-prace-v-promens-zlin-en"],"_links":{"self":[{"href":"https:\/\/www.promenszlin.com\/en\/wp-json\/wp\/v2\/posts\/5141","targetHints":{"allow":["GET"]}}],"collection":[{"href":"https:\/\/www.promenszlin.com\/en\/wp-json\/wp\/v2\/posts"}],"about":[{"href":"https:\/\/www.promenszlin.com\/en\/wp-json\/wp\/v2\/types\/post"}],"author":[{"embeddable":true,"href":"https:\/\/www.promenszlin.com\/en\/wp-json\/wp\/v2\/users\/7"}],"replies":[{"embeddable":true,"href":"https:\/\/www.promenszlin.com\/en\/wp-json\/wp\/v2\/comments?post=5141"}],"version-history":[{"count":0,"href":"https:\/\/www.promenszlin.com\/en\/wp-json\/wp\/v2\/posts\/5141\/revisions"}],"wp:featuredmedia":[{"embeddable":true,"href":"https:\/\/www.promenszlin.com\/en\/wp-json\/wp\/v2\/media\/5142"}],"wp:attachment":[{"href":"https:\/\/www.promenszlin.com\/en\/wp-json\/wp\/v2\/media?parent=5141"}],"wp:term":[{"taxonomy":"category","embeddable":true,"href":"https:\/\/www.promenszlin.com\/en\/wp-json\/wp\/v2\/categories?post=5141"},{"taxonomy":"post_tag","embeddable":true,"href":"https:\/\/www.promenszlin.com\/en\/wp-json\/wp\/v2\/tags?post=5141"}],"curies":[{"name":"wp","href":"https:\/\/api.w.org\/{rel}","templated":true}]}}