{"id":6455,"date":"2021-04-15T12:27:39","date_gmt":"2021-04-15T12:27:39","guid":{"rendered":"http:\/\/www.promenszlin.com\/mame-partnera-pro-budoucnost\/"},"modified":"2021-04-16T06:55:13","modified_gmt":"2021-04-16T06:55:13","slug":"we-have-a-partner-for-the-future","status":"publish","type":"post","link":"https:\/\/www.promenszlin.com\/en\/we-have-a-partner-for-the-future\/","title":{"rendered":"We have a partner for the future"},"content":{"rendered":"\n<p>The year 2021 is important for Promens and our common future. We present the new owner of our company and at the same time a partner who will help us fulfill our potential and develop quality for our employees and customers.<\/p>\n\n\n\n<!--more-->\n\n\n\n<h2 class=\"wp-block-heading\">We are heading for the future<\/h2>\n\n\n\n<p>During the 30 years of our history, we are still growing in the quality of production and our people.<\/p>\n\n\n\n<div class=\"wp-block-group has-very-light-gray-background-color has-background\"><div class=\"wp-block-group__inner-container is-layout-flow wp-block-group-is-layout-flow\">\n<div class=\"wp-block-media-text alignwide has-media-on-the-right is-stacked-on-mobile\" style=\"grid-template-columns:auto 65%\"><figure class=\"wp-block-media-text__media\"><img fetchpriority=\"high\" decoding=\"async\" width=\"750\" height=\"509\" src=\"https:\/\/www.promenszlin.com\/wp-content\/uploads\/2021\/02\/visualisation-traktor-nadhled_promens-zlin-01.png\" alt=\"\" class=\"wp-image-5309\" srcset=\"https:\/\/www.promenszlin.com\/wp-content\/uploads\/2021\/02\/visualisation-traktor-nadhled_promens-zlin-01.png 750w, https:\/\/www.promenszlin.com\/wp-content\/uploads\/2021\/02\/visualisation-traktor-nadhled_promens-zlin-01-300x204.png 300w, https:\/\/www.promenszlin.com\/wp-content\/uploads\/2021\/02\/visualisation-traktor-nadhled_promens-zlin-01-74x50.png 74w, https:\/\/www.promenszlin.com\/wp-content\/uploads\/2021\/02\/visualisation-traktor-nadhled_promens-zlin-01-650x441.png 650w, https:\/\/www.promenszlin.com\/wp-content\/uploads\/2021\/02\/visualisation-traktor-nadhled_promens-zlin-01-50x34.png 50w\" sizes=\"(max-width: 750px) 100vw, 750px\" \/><\/figure><div class=\"wp-block-media-text__content\">\n<div style=\"height:30px\" aria-hidden=\"true\" class=\"wp-block-spacer\"><\/div>\n\n\n\n<p><span style=\"color:#0762c8\" class=\"has-inline-color\"><strong>1991<\/strong> <strong>\/<\/strong> <\/span>Establishment of the company<\/p>\n\n\n\n<p><strong><span style=\"color:#0762c8\" class=\"has-inline-color\">1998 \/ <\/span><\/strong>PU RIM: first deliveries to \u0160koda Auto<\/p>\n\n\n\n<p><strong><span style=\"color:#0762c8\" class=\"has-inline-color\">2008 \/<\/span><\/strong> with the entry of a new owner, we change the name to Promens Zl\u00edn<\/p>\n\n\n\n<p><strong><span style=\"color:#0762c8\" class=\"has-inline-color\">2021 \/<\/span><\/strong> Promens Zl\u00edn has a turnover of \u20ac 40 million<\/p>\n\n\n\n<p><strong><span style=\"color:#0762c8\" class=\"has-inline-color\">2022 \/ <\/span><\/strong>Planned completion of a new production plant (second site in the Zl\u00edn-P\u0159\u00edluky industrial zone with robotic grinding, paint shop, expedition). Space for further development of the company.<\/p>\n<\/div><\/div>\n<\/div><\/div>\n\n\n\n<div style=\"height:40px\" aria-hidden=\"true\" class=\"wp-block-spacer\"><\/div>\n\n\n\n<h2 class=\"wp-block-heading\">Why do we change owners?<\/h2>\n\n\n\n<p>We found a strategic partner <strong>for the completion of a new production plant<\/strong> and <strong>the implementation of all planned improvements in reality<\/strong>.<\/p>\n\n\n\n<p>Our goal is to have <strong>everything under one roof<\/strong> &#8211; in addition to the existing paint shop, the entire RIM technology and assembly.<\/p>\n\n\n\n<figure class=\"wp-block-image size-large\"><img decoding=\"async\" width=\"1024\" height=\"614\" src=\"https:\/\/www.promenszlin.com\/wp-content\/uploads\/2021\/04\/mame-partnera-pro-budoucnost_promens-zlin_03_eng-1024x614.jpg\" alt=\"\" class=\"wp-image-6459\" srcset=\"https:\/\/www.promenszlin.com\/wp-content\/uploads\/2021\/04\/mame-partnera-pro-budoucnost_promens-zlin_03_eng-1024x614.jpg 1024w, https:\/\/www.promenszlin.com\/wp-content\/uploads\/2021\/04\/mame-partnera-pro-budoucnost_promens-zlin_03_eng-300x180.jpg 300w, https:\/\/www.promenszlin.com\/wp-content\/uploads\/2021\/04\/mame-partnera-pro-budoucnost_promens-zlin_03_eng-768x461.jpg 768w, https:\/\/www.promenszlin.com\/wp-content\/uploads\/2021\/04\/mame-partnera-pro-budoucnost_promens-zlin_03_eng-1536x922.jpg 1536w, https:\/\/www.promenszlin.com\/wp-content\/uploads\/2021\/04\/mame-partnera-pro-budoucnost_promens-zlin_03_eng-83x50.jpg 83w, https:\/\/www.promenszlin.com\/wp-content\/uploads\/2021\/04\/mame-partnera-pro-budoucnost_promens-zlin_03_eng-650x390.jpg 650w, https:\/\/www.promenszlin.com\/wp-content\/uploads\/2021\/04\/mame-partnera-pro-budoucnost_promens-zlin_03_eng-1000x600.jpg 1000w, https:\/\/www.promenszlin.com\/wp-content\/uploads\/2021\/04\/mame-partnera-pro-budoucnost_promens-zlin_03_eng-50x30.jpg 50w, https:\/\/www.promenszlin.com\/wp-content\/uploads\/2021\/04\/mame-partnera-pro-budoucnost_promens-zlin_03_eng.jpg 2000w\" sizes=\"(max-width: 1024px) 100vw, 1024px\" \/><\/figure>\n\n\n\n<div style=\"height:30px\" aria-hidden=\"true\" class=\"wp-block-spacer\"><\/div>\n\n\n\n<h3 class=\"wp-block-heading\">The advantages of the new production plant are:<\/h3>\n\n\n\n<ul class=\"wp-block-list\"><li>minimization of internal logistics,<\/li><li>increasing the quality of production,<\/li><li>acceleration of production processes,<\/li><li>improving competitiveness.<\/li><\/ul>\n\n\n\n<div style=\"height:30px\" aria-hidden=\"true\" class=\"wp-block-spacer\"><\/div>\n\n\n\n<h2 class=\"wp-block-heading\">Introducing a new owner<\/h2>\n\n\n\n<figure class=\"wp-block-pullquote\" style=\"border-color:#0762c8\"><blockquote class=\"has-text-color\" style=\"color:#0762c8\"><p>&#8220;We help build successful companies in Central Europe based on our expertise and experience.<\/p><p>With more than \u20ac 300 million and investments in 5 Central European countries, we at ARX Equity Partners are a leading private equity investor in our segment.&#8221;<\/p><cite>Tom\u00e1\u0161 L\u00e1nsk\u00fd, ARX<\/cite><\/blockquote><\/figure>\n\n\n\n<figure class=\"wp-block-image size-large\"><img decoding=\"async\" width=\"1024\" height=\"614\" src=\"https:\/\/www.promenszlin.com\/wp-content\/uploads\/2021\/04\/mame-partnera-pro-budoucnost_promens-zlin_02_eng-1024x614.jpg\" alt=\"\" class=\"wp-image-6462\" srcset=\"https:\/\/www.promenszlin.com\/wp-content\/uploads\/2021\/04\/mame-partnera-pro-budoucnost_promens-zlin_02_eng-1024x614.jpg 1024w, https:\/\/www.promenszlin.com\/wp-content\/uploads\/2021\/04\/mame-partnera-pro-budoucnost_promens-zlin_02_eng-300x180.jpg 300w, https:\/\/www.promenszlin.com\/wp-content\/uploads\/2021\/04\/mame-partnera-pro-budoucnost_promens-zlin_02_eng-768x461.jpg 768w, https:\/\/www.promenszlin.com\/wp-content\/uploads\/2021\/04\/mame-partnera-pro-budoucnost_promens-zlin_02_eng-1536x922.jpg 1536w, https:\/\/www.promenszlin.com\/wp-content\/uploads\/2021\/04\/mame-partnera-pro-budoucnost_promens-zlin_02_eng-83x50.jpg 83w, https:\/\/www.promenszlin.com\/wp-content\/uploads\/2021\/04\/mame-partnera-pro-budoucnost_promens-zlin_02_eng-650x390.jpg 650w, https:\/\/www.promenszlin.com\/wp-content\/uploads\/2021\/04\/mame-partnera-pro-budoucnost_promens-zlin_02_eng-1000x600.jpg 1000w, https:\/\/www.promenszlin.com\/wp-content\/uploads\/2021\/04\/mame-partnera-pro-budoucnost_promens-zlin_02_eng-50x30.jpg 50w, https:\/\/www.promenszlin.com\/wp-content\/uploads\/2021\/04\/mame-partnera-pro-budoucnost_promens-zlin_02_eng.jpg 2000w\" sizes=\"(max-width: 1024px) 100vw, 1024px\" \/><\/figure>\n\n\n\n<div style=\"height:30px\" aria-hidden=\"true\" class=\"wp-block-spacer\"><\/div>\n\n\n\n<h2 class=\"wp-block-heading\">People you know<\/h2>\n\n\n\n<p>High goals remain on our path, for which specific people are responsible.<\/p>\n\n\n\n<figure class=\"wp-block-image size-large\"><a href=\"https:\/\/www.promenszlin.com\/wp-content\/uploads\/2021\/04\/mame-partnera-pro-budoucnost_promens-zlin_01b_eng.jpg\"><img loading=\"lazy\" decoding=\"async\" width=\"1024\" height=\"614\" src=\"https:\/\/www.promenszlin.com\/wp-content\/uploads\/2021\/04\/mame-partnera-pro-budoucnost_promens-zlin_01b_eng-1024x614.jpg\" alt=\"\" class=\"wp-image-6474\" srcset=\"https:\/\/www.promenszlin.com\/wp-content\/uploads\/2021\/04\/mame-partnera-pro-budoucnost_promens-zlin_01b_eng-1024x614.jpg 1024w, https:\/\/www.promenszlin.com\/wp-content\/uploads\/2021\/04\/mame-partnera-pro-budoucnost_promens-zlin_01b_eng-300x180.jpg 300w, https:\/\/www.promenszlin.com\/wp-content\/uploads\/2021\/04\/mame-partnera-pro-budoucnost_promens-zlin_01b_eng-768x461.jpg 768w, https:\/\/www.promenszlin.com\/wp-content\/uploads\/2021\/04\/mame-partnera-pro-budoucnost_promens-zlin_01b_eng-1536x922.jpg 1536w, https:\/\/www.promenszlin.com\/wp-content\/uploads\/2021\/04\/mame-partnera-pro-budoucnost_promens-zlin_01b_eng-83x50.jpg 83w, https:\/\/www.promenszlin.com\/wp-content\/uploads\/2021\/04\/mame-partnera-pro-budoucnost_promens-zlin_01b_eng-650x390.jpg 650w, https:\/\/www.promenszlin.com\/wp-content\/uploads\/2021\/04\/mame-partnera-pro-budoucnost_promens-zlin_01b_eng-1000x600.jpg 1000w, https:\/\/www.promenszlin.com\/wp-content\/uploads\/2021\/04\/mame-partnera-pro-budoucnost_promens-zlin_01b_eng-50x30.jpg 50w, https:\/\/www.promenszlin.com\/wp-content\/uploads\/2021\/04\/mame-partnera-pro-budoucnost_promens-zlin_01b_eng.jpg 2000w\" sizes=\"(max-width: 1024px) 100vw, 1024px\" \/><\/a><figcaption><em>People who know our customers don&#8217;t change. <\/em><span style=\"text-decoration: underline;\"><em><em><a href=\"https:\/\/www.promenszlin.com\/wp-content\/uploads\/2021\/04\/mame-partnera-pro-budoucnost_promens-zlin_01b_eng.jpg\" target=\"_blank\" rel=\"noreferrer noopener\">You can view the image in full resolution here<\/a><\/em><\/em>.<\/span><\/figcaption><\/figure>\n\n\n\n<div style=\"height:30px\" aria-hidden=\"true\" class=\"wp-block-spacer\"><\/div>\n\n\n\n<h2 class=\"wp-block-heading\">Our mission remains<\/h2>\n\n\n\n<figure class=\"wp-block-pullquote\" style=\"border-color:#0762c8\"><blockquote class=\"has-text-color\" style=\"color:#0762c8\"><p>&#8220;Our people set plastics in motion and our partners&#8217; visions into reality.&#8221;<\/p><cite>MISSION OF THE COMPANY Promens Zl\u00edn<\/cite><\/blockquote><\/figure>\n","protected":false},"excerpt":{"rendered":"<p>The year 2021 is important for Promens and our common future. We present the new owner of our company and at the same time a partner who will help us<\/p>\n<p><a href=\"https:\/\/www.promenszlin.com\/en\/we-have-a-partner-for-the-future\/\" class=\"more-link style2-button\">Read More<\/a><\/p>","protected":false},"author":7,"featured_media":6456,"comment_status":"closed","ping_status":"open","sticky":false,"template":"","format":"standard","meta":{"footnotes":""},"categories":[121],"tags":[68,69,59,64],"class_list":["post-6455","post","type-post","status-publish","format-standard","has-post-thumbnail","hentry","category-promens-zlin-live","tag-pro-zamestnance-en","tag-promens-zlin-en","tag-rozvoj-en","tag-z-firmy-en"],"_links":{"self":[{"href":"https:\/\/www.promenszlin.com\/en\/wp-json\/wp\/v2\/posts\/6455","targetHints":{"allow":["GET"]}}],"collection":[{"href":"https:\/\/www.promenszlin.com\/en\/wp-json\/wp\/v2\/posts"}],"about":[{"href":"https:\/\/www.promenszlin.com\/en\/wp-json\/wp\/v2\/types\/post"}],"author":[{"embeddable":true,"href":"https:\/\/www.promenszlin.com\/en\/wp-json\/wp\/v2\/users\/7"}],"replies":[{"embeddable":true,"href":"https:\/\/www.promenszlin.com\/en\/wp-json\/wp\/v2\/comments?post=6455"}],"version-history":[{"count":0,"href":"https:\/\/www.promenszlin.com\/en\/wp-json\/wp\/v2\/posts\/6455\/revisions"}],"wp:featuredmedia":[{"embeddable":true,"href":"https:\/\/www.promenszlin.com\/en\/wp-json\/wp\/v2\/media\/6456"}],"wp:attachment":[{"href":"https:\/\/www.promenszlin.com\/en\/wp-json\/wp\/v2\/media?parent=6455"}],"wp:term":[{"taxonomy":"category","embeddable":true,"href":"https:\/\/www.promenszlin.com\/en\/wp-json\/wp\/v2\/categories?post=6455"},{"taxonomy":"post_tag","embeddable":true,"href":"https:\/\/www.promenszlin.com\/en\/wp-json\/wp\/v2\/tags?post=6455"}],"curies":[{"name":"wp","href":"https:\/\/api.w.org\/{rel}","templated":true}]}}